{"id":187,"date":"2016-12-14T11:17:33","date_gmt":"2016-12-14T11:17:33","guid":{"rendered":"http:\/\/regionalforum-nrw.de\/?p=187"},"modified":"2016-12-14T11:17:33","modified_gmt":"2016-12-14T11:17:33","slug":"jetzt-auch-hier-auf-der-seite-neuigkeiten-der-bundesarbeitsgemeinschaft","status":"publish","type":"post","link":"http:\/\/regionalforum-nrw.de\/?p=187","title":{"rendered":"Jetzt auch hier auf der Seite: Neuigkeiten der Bundesarbeitsgemeinschaft"},"content":{"rendered":"<p><img loading=\"lazy\" class=\"alignnone size-full wp-image-188\" src=\"http:\/\/regionalforum-nrw.de\/wp-content\/uploads\/2016\/12\/BAGLAG-Logo.jpg\" alt=\"\" width=\"600\" height=\"101\" srcset=\"http:\/\/regionalforum-nrw.de\/wp-content\/uploads\/2016\/12\/BAGLAG-Logo.jpg 600w, http:\/\/regionalforum-nrw.de\/wp-content\/uploads\/2016\/12\/BAGLAG-Logo-300x51.jpg 300w, http:\/\/regionalforum-nrw.de\/wp-content\/uploads\/2016\/12\/BAGLAG-Logo-500x84.jpg 500w\" sizes=\"(max-width: 600px) 100vw, 600px\" \/><\/p>\n<p>Die BAG LAG ist sozusagen des regionalFORUM.NRW auf Bundesebene. Da aus G\u00f6ttingen, wo die BAG LAG ihren Sitz hat, immer wieder viele spannende Neuigkeiten in Sachen LEADER und Vernetzung kommen, haben wir einen eigenen Men\u00fcpunkt f\u00fcr BAG LAG-News eingerichtet, der unter dem Hauptmen\u00fcpunkt &#8222;Downloads &amp; Links&#8220;\u00a0 oben zu finden ist. dort stellen wir neue Informationen regelm\u00e4\u00dfig ein.<\/p>\n<p>&nbsp;<\/p>\n","protected":false},"excerpt":{"rendered":"<p>Die BAG LAG ist sozusagen des regionalFORUM.NRW auf Bundesebene. Da aus G\u00f6ttingen, wo die BAG LAG ihren Sitz hat, immer wieder viele spannende Neuigkeiten in Sachen LEADER und Vernetzung kommen, haben wir einen eigenen Men\u00fcpunkt f\u00fcr BAG LAG-News eingerichtet, der &hellip; <a href=\"http:\/\/regionalforum-nrw.de\/?p=187\">Weiterlesen <span class=\"meta-nav\">&rarr;<\/span><\/a><\/p>\n","protected":false},"author":1,"featured_media":0,"comment_status":"open","ping_status":"open","sticky":false,"template":"","format":"standard","meta":[],"categories":[1],"tags":[],"_links":{"self":[{"href":"http:\/\/regionalforum-nrw.de\/index.php?rest_route=\/wp\/v2\/posts\/187"}],"collection":[{"href":"http:\/\/regionalforum-nrw.de\/index.php?rest_route=\/wp\/v2\/posts"}],"about":[{"href":"http:\/\/regionalforum-nrw.de\/index.php?rest_route=\/wp\/v2\/types\/post"}],"author":[{"embeddable":true,"href":"http:\/\/regionalforum-nrw.de\/index.php?rest_route=\/wp\/v2\/users\/1"}],"replies":[{"embeddable":true,"href":"http:\/\/regionalforum-nrw.de\/index.php?rest_route=%2Fwp%2Fv2%2Fcomments&post=187"}],"version-history":[{"count":1,"href":"http:\/\/regionalforum-nrw.de\/index.php?rest_route=\/wp\/v2\/posts\/187\/revisions"}],"predecessor-version":[{"id":189,"href":"http:\/\/regionalforum-nrw.de\/index.php?rest_route=\/wp\/v2\/posts\/187\/revisions\/189"}],"wp:attachment":[{"href":"http:\/\/regionalforum-nrw.de\/index.php?rest_route=%2Fwp%2Fv2%2Fmedia&parent=187"}],"wp:term":[{"taxonomy":"category","embeddable":true,"href":"http:\/\/regionalforum-nrw.de\/index.php?rest_route=%2Fwp%2Fv2%2Fcategories&post=187"},{"taxonomy":"post_tag","embeddable":true,"href":"http:\/\/regionalforum-nrw.de\/index.php?rest_route=%2Fwp%2Fv2%2Ftags&post=187"}],"curies":[{"name":"wp","href":"https:\/\/api.w.org\/{rel}","templated":true}]}}