{"id":154,"date":"2016-09-21T12:27:54","date_gmt":"2016-09-21T12:27:54","guid":{"rendered":"http:\/\/regionalforum-nrw.de\/?p=154"},"modified":"2016-09-23T09:23:05","modified_gmt":"2016-09-23T09:23:05","slug":"gemeinsame-dienstbesprechung-zur-begleitung-von-leader-in-nrw","status":"publish","type":"post","link":"http:\/\/regionalforum-nrw.de\/?p=154","title":{"rendered":"Auftaktdienstbesprechung im MKULNV: Regionalforum vorgestellt"},"content":{"rendered":"<p>Zu einer gemeinsamen Besprechung von Vertreterinnen und Vertretern der lokalen Aktionsgruppen und der im Bereich LEADER t\u00e4tigen Verwaltungsstellen und Organisationen hatte das MKULNV f\u00fcr den 21.09.2016 nach D\u00fcsseldorf eingeladen. Da insbesondere auch bei den Bezirksregierungen erhebliche Personalver\u00e4nderungen und -zuw\u00e4chse stattgefunden haben, hatte der Termin gro\u00dfe Bedeutung f\u00fcr die Erstinformation zur neuen F\u00f6rderphase.<\/p>\n<p>Die Tagesordnung umfasste die\u00a0Grundlagen und Verwaltungsverfahren von LEADER in Nordrhein-Westfalen, die Vorstellung der Akteure im Verwaltungsverfahren, in der\u00a0Programmbegleitung und Evaluation von LEADER sowie der Vernetzungseinrichtungen. In diesem Zusammenhang informierte die Sprechergruppe die anwesenden Vertreter von Ministerium und Bezirksregierungen \u00fcber die Ziele des Regionalforums. Dabei wurden auch die Ergebnisse des Auftakttreffens der Regionalmanager am 19.09.2016 in Schwerte vorgestellt und erste aus Sicht des Regionalforums dringend zu kl\u00e4rende Fragen zur Programmabwicklung erl\u00e4utert.<\/p>\n","protected":false},"excerpt":{"rendered":"<p>Zu einer gemeinsamen Besprechung von Vertreterinnen und Vertretern der lokalen Aktionsgruppen und der im Bereich LEADER t\u00e4tigen Verwaltungsstellen und Organisationen hatte das MKULNV f\u00fcr den 21.09.2016 nach D\u00fcsseldorf eingeladen. Da insbesondere auch bei den Bezirksregierungen erhebliche Personalver\u00e4nderungen und -zuw\u00e4chse stattgefunden &hellip; <a href=\"http:\/\/regionalforum-nrw.de\/?p=154\">Weiterlesen <span class=\"meta-nav\">&rarr;<\/span><\/a><\/p>\n","protected":false},"author":1,"featured_media":0,"comment_status":"open","ping_status":"open","sticky":false,"template":"","format":"standard","meta":[],"categories":[1],"tags":[],"_links":{"self":[{"href":"http:\/\/regionalforum-nrw.de\/index.php?rest_route=\/wp\/v2\/posts\/154"}],"collection":[{"href":"http:\/\/regionalforum-nrw.de\/index.php?rest_route=\/wp\/v2\/posts"}],"about":[{"href":"http:\/\/regionalforum-nrw.de\/index.php?rest_route=\/wp\/v2\/types\/post"}],"author":[{"embeddable":true,"href":"http:\/\/regionalforum-nrw.de\/index.php?rest_route=\/wp\/v2\/users\/1"}],"replies":[{"embeddable":true,"href":"http:\/\/regionalforum-nrw.de\/index.php?rest_route=%2Fwp%2Fv2%2Fcomments&post=154"}],"version-history":[{"count":10,"href":"http:\/\/regionalforum-nrw.de\/index.php?rest_route=\/wp\/v2\/posts\/154\/revisions"}],"predecessor-version":[{"id":176,"href":"http:\/\/regionalforum-nrw.de\/index.php?rest_route=\/wp\/v2\/posts\/154\/revisions\/176"}],"wp:attachment":[{"href":"http:\/\/regionalforum-nrw.de\/index.php?rest_route=%2Fwp%2Fv2%2Fmedia&parent=154"}],"wp:term":[{"taxonomy":"category","embeddable":true,"href":"http:\/\/regionalforum-nrw.de\/index.php?rest_route=%2Fwp%2Fv2%2Fcategories&post=154"},{"taxonomy":"post_tag","embeddable":true,"href":"http:\/\/regionalforum-nrw.de\/index.php?rest_route=%2Fwp%2Fv2%2Ftags&post=154"}],"curies":[{"name":"wp","href":"https:\/\/api.w.org\/{rel}","templated":true}]}}