{"id":104,"date":"2013-06-23T00:00:02","date_gmt":"2013-06-23T00:00:02","guid":{"rendered":"http:\/\/regionalforum-nrw.de\/?p=104"},"modified":"2016-09-23T09:30:51","modified_gmt":"2016-09-23T09:30:51","slug":"leader-ausstellung-im-landtag-eroeffnet","status":"publish","type":"post","link":"http:\/\/regionalforum-nrw.de\/?p=104","title":{"rendered":"LEADER-Ausstellung im Landtag er\u00f6ffnet"},"content":{"rendered":"<hr \/>\n<p><strong>Im Rahmen einer gemeinsamen Ausstellung pr\u00e4sentierten die 12 LEADER-Regionen in Nordrhein-Westfalen jetzt Projekte und Erfolge im D\u00fcsseldorfer Landtag. Er\u00f6ffnet wurde die Ausstellung von Landtagsvizepr\u00e4sident Eckhard Uhlenberg und Umweltminister Johannes Remmel, die sich sichtlich beeindruckt zeigten.<\/strong><\/p>\n<p><a class=\"shutterset_d4069704404dc71d4e343d5debe1e5a0\" title=\"Offizielle Einweihung der LEADER-NRW-Ausstellung in der Wandelhalle im D\u00fcsseldorfer Landtag: LEADER-Forum-Sprecher Alexander Sobotta (links) bedankt sich im Namen aller LEADER-Regionen im Land mit regionalen Spezialit\u00e4ten bei Umweltminister Johannes Remmel (Mitte) und Landtagsvizepr\u00e4sident Eckhard Uhlenberg (rechts). Foto: (c) Olbrich, planinvent 2013. Verwendung nur mit schriftlicher Genehmigung durch das Regionalmanagement der LEADER-Region Kulturlandschaft Ahaus-Heek-Legden.\" href=\"http:\/\/leader-ahl.de\/wp-content\/gallery\/landtagsprasentation\/leaderimlandtag130619_01.jpg\" data-src=\"http:\/\/leader-ahl.de\/wp-content\/gallery\/landtagsprasentation\/leaderimlandtag130619_01.jpg\" data-thumbnail=\"http:\/\/leader-ahl.de\/wp-content\/gallery\/landtagsprasentation\/thumbs\/thumbs_leaderimlandtag130619_01.jpg\" data-image-id=\"164\" data-title=\"leaderimlandtag130619_01\" data-description=\"Offizielle Einweihung der LEADER-NRW-Ausstellung in der Wandelhalle im D\u00fcsseldorfer Landtag: LEADER-Forum-Sprecher Alexander Sobotta (links) bedankt sich im Namen aller LEADER-Regionen im Land mit regionalen Spezialit\u00e4ten bei Umweltminister Johannes Remmel (Mitte) und Landtagsvizepr\u00e4sident Eckhard Uhlenberg (rechts). Foto: (c) Olbrich, planinvent 2013. Verwendung nur mit schriftlicher Genehmigung durch das Regionalmanagement der LEADER-Region Kulturlandschaft Ahaus-Heek-Legden.\"><img loading=\"lazy\" class=\"alignleft\" title=\"leaderimlandtag130619_01\" src=\"http:\/\/leader-ahl.de\/wp-content\/gallery\/landtagsprasentation\/thumbs\/thumbs_leaderimlandtag130619_01.jpg\" alt=\"leaderimlandtag130619_01\" width=\"200\" height=\"150\" \/><\/a>Begr\u00fc\u00dft wurden die Vertreter der LEADER-Regionen durch Landtagsvizepr\u00e4sident Eckhard Uhlenberg in der Wandelhalle des Landtags. Er verwies auf die gro\u00dfe Bedeutung des l\u00e4ndlichen Raums in Nordrhein Westfalen. Zwei Drittel der Landesfl\u00e4che ist l\u00e4ndlicher Raum, in dem ein Drittel der Landesbev\u00f6lkerung lebt. Im Rahmen der Ausstellungser\u00f6ffnung verdeutlichte Umweltminister Johannes Remmel, wie wichtig eine nachhaltige Entwicklung des l\u00e4ndlichen Raumes mit starken gr\u00fcnen Regionen ist und verwies auf die positiven Impulse in den LEADER-Regionen, die in diesem Rahmen pr\u00e4sentiert wurden. Er sprach die vielf\u00e4ltigen Probleme an, mit denen insbesondere der l\u00e4ndliche Raum zu k\u00e4mpfen hat und lobte die Ans\u00e4tze in den LEADER-Regionen, sich diesen <a class=\"shutterset_d4069704404dc71d4e343d5debe1e5a0\" title=\"Dabei blieb auch Zeit f\u00fcr Gespr\u00e4che \u00fcber die Situation von LEADER im Allgemeinen und die Herausforderungen in der Region AHL. Hier Minister Remmel und Eckhard Uhlenberg im Gespr\u00e4ch mit LAG-Vorstandsmitglied und B\u00fcrgermeister von Heek Ulrich Helmich. Foto: (c) Olbrich, planinvent 2013. Verwendung nur mit schriftlicher Genehmigung durch das Regionalmanagement der LEADER-Region Kulturlandschaft Ahaus-Heek-Legden.\" href=\"http:\/\/leader-ahl.de\/wp-content\/gallery\/landtagsprasentation\/leaderimlandtag130619_03.jpg\" data-src=\"http:\/\/leader-ahl.de\/wp-content\/gallery\/landtagsprasentation\/leaderimlandtag130619_03.jpg\" data-thumbnail=\"http:\/\/leader-ahl.de\/wp-content\/gallery\/landtagsprasentation\/thumbs\/thumbs_leaderimlandtag130619_03.jpg\" data-image-id=\"166\" data-title=\"leaderimlandtag130619_03\" data-description=\"Dabei blieb auch Zeit f\u00fcr Gespr\u00e4che \u00fcber die Situation von LEADER im Allgemeinen und die Herausforderungen in der Region AHL. Hier Minister Remmel und Eckhard Uhlenberg im Gespr\u00e4ch mit LAG-Vorstandsmitglied und B\u00fcrgermeister von Heek Ulrich Helmich. Foto: (c) Olbrich, planinvent 2013. Verwendung nur mit schriftlicher Genehmigung durch das Regionalmanagement der LEADER-Region Kulturlandschaft Ahaus-Heek-Legden.\"> <img loading=\"lazy\" class=\"alignleft\" title=\"leaderimlandtag130619_03\" src=\"http:\/\/leader-ahl.de\/wp-content\/gallery\/landtagsprasentation\/thumbs\/thumbs_leaderimlandtag130619_03.jpg\" alt=\"leaderimlandtag130619_03\" width=\"200\" height=\"150\" \/> <\/a>Herausforderungen zu stellen. Er machte deutlich, dass es noch gen\u00fcgend Potenzial f\u00fcr weitere LEADER-Regionen in der neuen F\u00f6rderperiode ab 2014 g\u00e4be: \u201eIm neuen F\u00f6rderzeitraum ab 2014 k\u00f6nnen und sollen es mehr Regionen werden. Dies ist mein Ziel \u2013 und ich hoffe, dass wir die notwendigen Finanzmittel daf\u00fcr auch bekommen werden. Diese Ausstellung zeigt, dass das Geld hier gut angelegt ist.\u201c<\/p>\n<div class=\"ngg-clear\">\n<div class=\"ngg-clear\" style=\"text-align: left;\">\n<p>Im Anschluss an die Einf\u00fchrungsveranstaltung informierten sich der Minister und zahlreiche Abgeordnete \u00fcber die Arbeit und die verschiedenen Projekte der LEADER-Regionen an den verschiedenen Projektst\u00e4nden. Diese pr\u00e4sentierten ihre Regionen durch Informationsmaterial zu einzelnen Projekten sowie Gespr\u00e4chsbereitschaft bei R\u00fcckfragen. Dazu wurden regionale Spezialit\u00e4ten serviert.<a class=\"shutterset_d4069704404dc71d4e343d5debe1e5a0\" title=\"Die Vertreter der Regionalmanagements der LEADER-Regionen in NRW (v.l.n.r.): Frank Br\u00f6ckling (Kulturlandschaft Ahaus-Heek-Legden), Anke Biehl (Steinfurter Land), Alexander Jaegers (Baumberge und Bocholter Aa), Thomas K\u00f6hler (Tecklenburger Land), Stefan Pletziger (4 mitten im Sauerland), Vera Lauber (Der Selfkant), Nathalie Helling (Nordlippe), Andrea Hoffstadt (Bocholter Aa), Uwe Jordan (S\u00fcdliches Paderborner Land), Alexander Sobotta (Eifel), Heinrich Nolte (Hochsauerland). Es fehlen: Kerstin Jendrek (Lippe-Issel-Niederrhein) und Hans-J\u00fcrgen Altrogge (S\u00fcdliches Paderborner Land). Foto: (c) Olbrich, planinvent 2013. Verwendung nur mit schriftlicher Genehmigung durch das Regionalmanagement der LEADER-Region Kulturlandschaft Ahaus-Heek-Legden.\" href=\"http:\/\/leader-ahl.de\/wp-content\/gallery\/landtagsprasentation\/leaderimlandtag130619_04.jpg\" data-src=\"http:\/\/leader-ahl.de\/wp-content\/gallery\/landtagsprasentation\/leaderimlandtag130619_04.jpg\" data-thumbnail=\"http:\/\/leader-ahl.de\/wp-content\/gallery\/landtagsprasentation\/thumbs\/thumbs_leaderimlandtag130619_04.jpg\" data-image-id=\"167\" data-title=\"leaderimlandtag130619_04\" data-description=\"Die Vertreter der Regionalmanagements der LEADER-Regionen in NRW (v.l.n.r.): Frank Br\u00f6ckling (Kulturlandschaft Ahaus-Heek-Legden), Anke Biehl (Steinfurter Land), Alexander Jaegers (Baumberge und Bocholter Aa), Thomas K\u00f6hler (Tecklenburger Land), Stefan Pletziger (4 mitten im Sauerland), Vera Lauber (Der Selfkant), Nathalie Helling (Nordlippe), Andrea Hoffstadt (Bocholter Aa), Uwe Jordan (S\u00fcdliches Paderborner Land), Alexander Sobotta (Eifel), Heinrich Nolte (Hochsauerland). Es fehlen: Kerstin Jendrek (Lippe-Issel-Niederrhein) und Hans-J\u00fcrgen Altrogge (S\u00fcdliches Paderborner Land). Foto: (c) Olbrich, planinvent 2013. Verwendung nur mit schriftlicher Genehmigung durch das Regionalmanagement der LEADER-Region Kulturlandschaft Ahaus-Heek-Legden.\"> <img loading=\"lazy\" class=\"alignleft\" title=\"leaderimlandtag130619_04\" src=\"http:\/\/leader-ahl.de\/wp-content\/gallery\/landtagsprasentation\/thumbs\/thumbs_leaderimlandtag130619_04.jpg\" alt=\"leaderimlandtag130619_04\" width=\"200\" height=\"150\" \/><\/a><\/p>\n<\/div>\n<\/div>\n<p>Die Sprecher der NRW-LEADER-Regionen nutzten den Rahmen der Ausstellung auch daf\u00fcr, um sechs Thesen zur Optimierung des F\u00f6rderprogramms LEADER f\u00fcr die kommende F\u00f6rderperiode ab 2014 zu ver\u00f6ffentlichen. Auf Basis der bisher gemachten Erfahrungen wurden Statements und W\u00fcnsche f\u00fcr die Programmgestaltung in den n\u00e4chsten sieben Jahren formuliert, die zur Verbesserung bei der praktischen Arbeit im LEADER-Kontext dienen sollen. Zu diesen Thesen geh\u00f6rt u.a. eine angemessene Mittelausstattung des LEADER-Schwerpunktes, eine insgesamt gr\u00f6\u00dfere Zahl von LEADER-Regionen in Nordrhein-Westfalen sowie der Abbau von b\u00fcrokratischen Hemmnissen. Das Thesenpapier wurde an die anwesenden Landtagsabgeordneten gemeinsam mit einer neuen Infobrosch\u00fcre \u00fcber die LEADER-Regionen in NRW verteilt.<a class=\"shutterset_d4069704404dc71d4e343d5debe1e5a0\" title=\"Am Infostand der \u201eKulturlandschaft Ahaus-Heek-Legden\u201c informieren sich Landtagsvizepr\u00e4sident Eckhard Uhlenberg und Umweltminister Johannes Remmel beim LAG-Vorsitzenden Friedhelm Kleweken und Regionalmanager Dr. Frank Br\u00f6ckling \u00fcber die Erfolge in der LEADER-Region im Kreis Borken (v.l.n.r.). Foto: (c) Olbrich, planinvent 2013. Verwendung nur mit schriftlicher Genehmigung durch das Regionalmanagement der LEADER-Region Kulturlandschaft Ahaus-Heek-Legden.\" href=\"http:\/\/leader-ahl.de\/wp-content\/gallery\/landtagsprasentation\/leaderimlandtag130619_02.jpg\" data-src=\"http:\/\/leader-ahl.de\/wp-content\/gallery\/landtagsprasentation\/leaderimlandtag130619_02.jpg\" data-thumbnail=\"http:\/\/leader-ahl.de\/wp-content\/gallery\/landtagsprasentation\/thumbs\/thumbs_leaderimlandtag130619_02.jpg\" data-image-id=\"165\" data-title=\"leaderimlandtag130619_02\" data-description=\"Am Infostand der \u201eKulturlandschaft Ahaus-Heek-Legden\u201c informieren sich Landtagsvizepr\u00e4sident Eckhard Uhlenberg und Umweltminister Johannes Remmel beim LAG-Vorsitzenden Friedhelm Kleweken und Regionalmanager Dr. Frank Br\u00f6ckling \u00fcber die Erfolge in der LEADER-Region im Kreis Borken (v.l.n.r.). Foto: (c) Olbrich, planinvent 2013. Verwendung nur mit schriftlicher Genehmigung durch das Regionalmanagement der LEADER-Region Kulturlandschaft Ahaus-Heek-Legden.\"><img loading=\"lazy\" class=\"alignleft\" title=\"leaderimlandtag130619_02\" src=\"http:\/\/leader-ahl.de\/wp-content\/gallery\/landtagsprasentation\/thumbs\/thumbs_leaderimlandtag130619_02.jpg\" alt=\"leaderimlandtag130619_02\" width=\"200\" height=\"150\" \/> <\/a><\/p>\n","protected":false},"excerpt":{"rendered":"<p>Im Rahmen einer gemeinsamen Ausstellung pr\u00e4sentierten die 12 LEADER-Regionen in Nordrhein-Westfalen jetzt Projekte und Erfolge im D\u00fcsseldorfer Landtag. Er\u00f6ffnet wurde die Ausstellung von Landtagsvizepr\u00e4sident Eckhard Uhlenberg und Umweltminister Johannes Remmel, die sich sichtlich beeindruckt zeigten. Begr\u00fc\u00dft wurden die Vertreter der &hellip; <a href=\"http:\/\/regionalforum-nrw.de\/?p=104\">Weiterlesen <span class=\"meta-nav\">&rarr;<\/span><\/a><\/p>\n","protected":false},"author":1,"featured_media":0,"comment_status":"open","ping_status":"open","sticky":false,"template":"","format":"standard","meta":[],"categories":[1],"tags":[],"_links":{"self":[{"href":"http:\/\/regionalforum-nrw.de\/index.php?rest_route=\/wp\/v2\/posts\/104"}],"collection":[{"href":"http:\/\/regionalforum-nrw.de\/index.php?rest_route=\/wp\/v2\/posts"}],"about":[{"href":"http:\/\/regionalforum-nrw.de\/index.php?rest_route=\/wp\/v2\/types\/post"}],"author":[{"embeddable":true,"href":"http:\/\/regionalforum-nrw.de\/index.php?rest_route=\/wp\/v2\/users\/1"}],"replies":[{"embeddable":true,"href":"http:\/\/regionalforum-nrw.de\/index.php?rest_route=%2Fwp%2Fv2%2Fcomments&post=104"}],"version-history":[{"count":10,"href":"http:\/\/regionalforum-nrw.de\/index.php?rest_route=\/wp\/v2\/posts\/104\/revisions"}],"predecessor-version":[{"id":143,"href":"http:\/\/regionalforum-nrw.de\/index.php?rest_route=\/wp\/v2\/posts\/104\/revisions\/143"}],"wp:attachment":[{"href":"http:\/\/regionalforum-nrw.de\/index.php?rest_route=%2Fwp%2Fv2%2Fmedia&parent=104"}],"wp:term":[{"taxonomy":"category","embeddable":true,"href":"http:\/\/regionalforum-nrw.de\/index.php?rest_route=%2Fwp%2Fv2%2Fcategories&post=104"},{"taxonomy":"post_tag","embeddable":true,"href":"http:\/\/regionalforum-nrw.de\/index.php?rest_route=%2Fwp%2Fv2%2Ftags&post=104"}],"curies":[{"name":"wp","href":"https:\/\/api.w.org\/{rel}","templated":true}]}}