{"id":100,"date":"2013-06-08T14:21:25","date_gmt":"2013-06-08T14:21:25","guid":{"rendered":"http:\/\/regionalforum-nrw.de\/?p=100"},"modified":"2015-09-10T10:12:01","modified_gmt":"2015-09-10T10:12:01","slug":"regionalforum-veroeffentlicht-6-thesen-zu-leader-2014","status":"publish","type":"post","link":"http:\/\/regionalforum-nrw.de\/?p=100","title":{"rendered":"regionalFORUM ver\u00f6ffentlicht 6 Thesen zu LEADER 2014+"},"content":{"rendered":"<p><strong>Das regionalFORUM NRW hat im Juni 2013 6 Thesen mit Vorschl\u00e4gen zur Weiterentwicklung des LEADER-Ansatzes in Nordrhein-Westfalen ver\u00f6ffentlicht.<\/strong><\/p>\n<p><a href=\"http:\/\/regionalforum-nrw.de\/wp-content\/uploads\/2013\/06\/BILD-6-Thesen-regionalFORUM-NRW-2013-001.jpg\" target=\"_blank\"><img loading=\"lazy\" class=\"alignnone wp-image-114 size-large\" src=\"http:\/\/regionalforum-nrw.de\/wp-content\/uploads\/2013\/06\/BILD-6-Thesen-regionalFORUM-NRW-2013-001-1024x517.jpg\" alt=\"BILD - 6 Thesen regionalFORUM NRW 2013-001\" width=\"584\" height=\"295\" srcset=\"http:\/\/regionalforum-nrw.de\/wp-content\/uploads\/2013\/06\/BILD-6-Thesen-regionalFORUM-NRW-2013-001-1024x517.jpg 1024w, http:\/\/regionalforum-nrw.de\/wp-content\/uploads\/2013\/06\/BILD-6-Thesen-regionalFORUM-NRW-2013-001-300x151.jpg 300w, http:\/\/regionalforum-nrw.de\/wp-content\/uploads\/2013\/06\/BILD-6-Thesen-regionalFORUM-NRW-2013-001-500x252.jpg 500w\" sizes=\"(max-width: 584px) 100vw, 584px\" \/><\/a><\/p>\n<p>Der LEADER-Ansatz hat sich als Instrument einer b\u00fcrgernahen, integrierten l\u00e4ndlichen Entwicklung au\u00dferordentlich bew\u00e4hrt. Die bisherige Umsetzung in Nordrhein-Westfalen ist sehr erfolgreich. Mit keinem anderen Instrument ist es in diesem Ma\u00dfe gelungen, gesellschaftlich getragene Prozesse in den D\u00f6rfern, Gemeinden und St\u00e4dten in den l\u00e4ndlichen Regionen von Nordrhein-Westfalen zu initiieren und diese mit viel ehrenamtlichem Engagement in konkrete Projekte vor Ort umzusetzen. LEADER st\u00e4rkt dabei die Eigenverantwortung der Menschen vor Ort und festigt die Identifikation mit ihrer Region. Und die zahlreichen innovativen Projekte machen deutlich: Auch in NRW kommt die Zukunft vom Land!<\/p>\n<p>Deshalb sollten bei der Vorbereitung der zuk\u00fcnftigen F\u00f6rderperiode ab dem Jahr 2014 die Chancen zur Weiterentwicklung des LEADER-Schwerpunktes genutzt werden. Die Regionalmanagerinnen und Regionalmanager arbeiten in den LEADER-Regionen in NRW mit den Menschen an der Basis und sehen auf Grundlage ihrer Praxiserfahrung insbesondere folgende Unterst\u00fctzungsm\u00f6glichkeiten der Landespolitik:<\/p>\n<ul>\n<li><strong>Zulassung privater Mittel zur Ko-Finanzierung des LEADER-F\u00f6rderanteils: <\/strong><\/li>\n<\/ul>\n<p>Dadurch werden Kommunen entlastet und b\u00fcrgerschaftliches Engagement st\u00e4rker unterst\u00fctzt.<\/p>\n<ul>\n<li><strong>Angemessene Mittelausstattung des LEADER-Schwerpunktes: <\/strong><\/li>\n<\/ul>\n<p>Neben der Landwirtschaft tragen viele andere Akteure aus weiteren Sektoren zur nachhaltigen l\u00e4ndlichen Entwicklung bei. Dies muss sich in der finanziellen Ausstattung der LEADER-Regionen und den F\u00f6rders\u00e4tzen widerspiegeln.<\/p>\n<ul>\n<li><strong>Abbau b\u00fcrokratischer Hemmnisse: <\/strong><\/li>\n<\/ul>\n<p>Ein hoher Verwaltungsaufwand auch f\u00fcr kleine Projekte hemmt die Beteiligung von b\u00fcrgerschaftlichen Initiativen. Alle M\u00f6glichkeiten zur Reduzierung dieser H\u00fcrden m\u00fcssen ausgesch\u00f6pft werden. So d\u00fcrfen die ohnehin hohen Anforderungen der Europ\u00e4ischen Union an die Projektabwicklung nicht durch zus\u00e4tzliche Auflagen auf Landesebene versch\u00e4rft werden.<\/p>\n<ul>\n<li><strong>Gr\u00f6\u00dfere Zahl von LEADER-Regionen in Nordrhein-Westfalen: <\/strong><\/li>\n<\/ul>\n<p>Die breitere Verankerung des integrierten Entwicklungsansatzes durch Modellregionen erh\u00f6ht den Kompetenzgewinn und die Impulswirkung f\u00fcr den gesamten l\u00e4ndlichen Raum.<\/p>\n<ul>\n<li><strong>Regionale Entwicklungsstrategien auf Grundlage der eigenen Potenziale: <\/strong><\/li>\n<\/ul>\n<p>Der bew\u00e4hrte LEADER-Ansatz basiert auf dem durch die Regionen selbst definierten Entwicklungsbedarf und der Aktivierung der eigenen Potenziale. Die Handlungsm\u00f6glichkeiten der Regionen d\u00fcrfen nicht durch inhaltliche Vorgaben des F\u00f6rderprogramms eingeschr\u00e4nkt werden, welche nicht auf den l\u00e4ndlichen Raum zugeschnitten sind.<\/p>\n<ul>\n<li><strong>Einrichtung einer Servicestelle f\u00fcr die l\u00e4ndlichen R\u00e4ume: <\/strong><\/li>\n<\/ul>\n<p>Durch Lobbyarbeit, Vernetzung, Beratung und Qualifizierung werden die l\u00e4ndlichen Regionen als Entwicklungsschwerpunkte in Nordrhein-Westfalen gest\u00e4rkt.<\/p>\n<hr \/>\n<p>&nbsp;<\/p>\n<p>Das Land Nordrhein-Westfalen profitiert erheblich von den l\u00e4ndlichen R\u00e4umen. Daher sollte LEADER weiter ausgebaut werden. Starke l\u00e4ndliche R\u00e4ume leisten so einen noch besseren Beitrag f\u00fcr ein starkes Nordrhein-Westfalen!<\/p>\n<p>Der Flyer mit den 6 Thesen kann <a href=\"http:\/\/regionalforum-nrw.de\/wp-content\/uploads\/2015\/09\/6-Thesen-regionalFORUM-NRW-2013.pdf\">hier<\/a> heruntergeladen werden.<\/p>\n","protected":false},"excerpt":{"rendered":"<p>Das regionalFORUM NRW hat im Juni 2013 6 Thesen mit Vorschl\u00e4gen zur Weiterentwicklung des LEADER-Ansatzes in Nordrhein-Westfalen ver\u00f6ffentlicht. Der LEADER-Ansatz hat sich als Instrument einer b\u00fcrgernahen, integrierten l\u00e4ndlichen Entwicklung au\u00dferordentlich bew\u00e4hrt. Die bisherige Umsetzung in Nordrhein-Westfalen ist sehr erfolgreich. Mit &hellip; <a href=\"http:\/\/regionalforum-nrw.de\/?p=100\">Weiterlesen <span class=\"meta-nav\">&rarr;<\/span><\/a><\/p>\n","protected":false},"author":1,"featured_media":0,"comment_status":"open","ping_status":"open","sticky":false,"template":"","format":"standard","meta":[],"categories":[1],"tags":[],"_links":{"self":[{"href":"http:\/\/regionalforum-nrw.de\/index.php?rest_route=\/wp\/v2\/posts\/100"}],"collection":[{"href":"http:\/\/regionalforum-nrw.de\/index.php?rest_route=\/wp\/v2\/posts"}],"about":[{"href":"http:\/\/regionalforum-nrw.de\/index.php?rest_route=\/wp\/v2\/types\/post"}],"author":[{"embeddable":true,"href":"http:\/\/regionalforum-nrw.de\/index.php?rest_route=\/wp\/v2\/users\/1"}],"replies":[{"embeddable":true,"href":"http:\/\/regionalforum-nrw.de\/index.php?rest_route=%2Fwp%2Fv2%2Fcomments&post=100"}],"version-history":[{"count":5,"href":"http:\/\/regionalforum-nrw.de\/index.php?rest_route=\/wp\/v2\/posts\/100\/revisions"}],"predecessor-version":[{"id":126,"href":"http:\/\/regionalforum-nrw.de\/index.php?rest_route=\/wp\/v2\/posts\/100\/revisions\/126"}],"wp:attachment":[{"href":"http:\/\/regionalforum-nrw.de\/index.php?rest_route=%2Fwp%2Fv2%2Fmedia&parent=100"}],"wp:term":[{"taxonomy":"category","embeddable":true,"href":"http:\/\/regionalforum-nrw.de\/index.php?rest_route=%2Fwp%2Fv2%2Fcategories&post=100"},{"taxonomy":"post_tag","embeddable":true,"href":"http:\/\/regionalforum-nrw.de\/index.php?rest_route=%2Fwp%2Fv2%2Ftags&post=100"}],"curies":[{"name":"wp","href":"https:\/\/api.w.org\/{rel}","templated":true}]}}